{"id":733,"date":"2021-08-02T19:41:00","date_gmt":"2021-08-02T17:41:00","guid":{"rendered":"http:\/\/patrimoine-industriel-et-moulins.eu\/?p=733"},"modified":"2021-08-29T19:46:26","modified_gmt":"2021-08-29T17:46:26","slug":"fete-de-la-photo-ancienne","status":"publish","type":"post","link":"http:\/\/patrimoine-industriel-et-moulins.eu\/?p=733","title":{"rendered":"F\u00eate de la Photo Ancienne"},"content":{"rendered":"\n<p>Elle se d\u00e9roulera \u00e0 <strong>l&rsquo;Auditorium du Couvent de Malet (Saint-C\u00f4me-d&rsquo;Olt).<\/strong><\/p>\n\n\n\n<p>Cette deuxi\u00e8me, \u00e9dition comme la pr\u00e9c\u00e9dente, est l\u2019occasion de pr\u00e9senter des conf\u00e9rences employant principalement comme support visuel des photos anciennes, souvent rares, des cartes postales anciennes, ou des vieux films priv\u00e9s. C\u2019est aussi le lieu d\u2019offrir, en exclusivit\u00e9, au public, les tr\u00e9sors confi\u00e9s \u00e0 l\u2019association par les donateurs. Ces prestations s\u2019appuient sur des travaux scientifiques de longue haleine dans les domaines&nbsp;: g\u00e9ographique, historique, ethnologique ou artistiques. Nous faisons aussi appel \u00e0 des experts qui nous aident \u00e0 recontextualiser les documents, pour \u00e9clairer les sujets ou th\u00e8mes pr\u00e9sent\u00e9s.<\/p>\n\n\n\n<p>&nbsp;<strong><u>Vendredi 30 juillet 2021, <\/u><\/strong>\u00e0 20 h 30<strong>,<\/strong><\/p>\n\n\n\n<p><strong><em>Moulins et modernit\u00e9. L&rsquo;\u00e9lectrification du Nord-Aveyron : 1885-1930<\/em><\/strong><\/p>\n\n\n\n<ul><li>Conf\u00e9rence de Jean-Pierre Henri Az\u00e9ma. Pr\u00e9sident de la Phototh\u00e8que Rouergate<\/li><\/ul>\n\n\n\n<p><\/p>\n\n\n\n<p><strong><u>Lundi 2 Ao\u00fbt 2021, <\/u><\/strong>\u00e0 20 h 30,<strong><\/strong><\/p>\n\n\n\n<ul><li>Pr\u00e9sentation exceptionnelle de deux films exclusifs, de la Phototh\u00e8que Rouergate, issus du Fonds Monique Deltell.<\/li><\/ul>\n\n\n\n<ul><li><strong><em>La F\u00eate de la Sainte-Epine, \u00e0 Sainte-Eulalie-d&rsquo;Olt, le 9 juillet 1939.<\/em><\/strong><\/li><\/ul>\n\n\n\n<ul><li>La lib\u00e9ration \u00e0 Saint-Geniez-d&rsquo;Olt, le 8-9-10 mai 1945.<\/li><\/ul>\n\n\n\n<p>La projection sera suivie d\u2019une analyse effectu\u00e9e par Thierry Soonckindt, historien, sp\u00e9cialiste de la deuxi\u00e8me guerre mondiale, suivie d\u2019un d\u00e9bat avec les participants.<\/p>\n\n\n\n<p>Ces soir\u00e9es et cette manifestation sont organis\u00e9es en partenariat avec&nbsp;: la congr\u00e9gation des religieuses Ursulines de l\u2019Union Romaine, et s\u0153ur Anne-Marie sa responsable, et avec le soutien actif de \u00ab <em>l\u2019Association de Sauvegarde du Vieux Saint-C\u00f4me <\/em>\u00bb.<\/p>\n","protected":false},"excerpt":{"rendered":"<p>Elle se d\u00e9roulera \u00e0 l&rsquo;Auditorium du Couvent de Malet (Saint-C\u00f4me-d&rsquo;Olt). Cette deuxi\u00e8me, \u00e9dition comme la pr\u00e9c\u00e9dente, est l\u2019occasion de pr\u00e9senter des conf\u00e9rences employant principalement comme support visuel des photos anciennes, souvent rares, des cartes postales anciennes, ou des vieux films priv\u00e9s. C\u2019est aussi le lieu d\u2019offrir, en exclusivit\u00e9, au public, les tr\u00e9sors confi\u00e9s \u00e0 l\u2019association [&hellip;]<\/p>\n","protected":false},"author":1,"featured_media":735,"comment_status":"closed","ping_status":"open","sticky":false,"template":"","format":"standard","meta":[],"categories":[7],"tags":[],"_links":{"self":[{"href":"http:\/\/patrimoine-industriel-et-moulins.eu\/index.php?rest_route=\/wp\/v2\/posts\/733"}],"collection":[{"href":"http:\/\/patrimoine-industriel-et-moulins.eu\/index.php?rest_route=\/wp\/v2\/posts"}],"about":[{"href":"http:\/\/patrimoine-industriel-et-moulins.eu\/index.php?rest_route=\/wp\/v2\/types\/post"}],"author":[{"embeddable":true,"href":"http:\/\/patrimoine-industriel-et-moulins.eu\/index.php?rest_route=\/wp\/v2\/users\/1"}],"replies":[{"embeddable":true,"href":"http:\/\/patrimoine-industriel-et-moulins.eu\/index.php?rest_route=%2Fwp%2Fv2%2Fcomments&post=733"}],"version-history":[{"count":3,"href":"http:\/\/patrimoine-industriel-et-moulins.eu\/index.php?rest_route=\/wp\/v2\/posts\/733\/revisions"}],"predecessor-version":[{"id":737,"href":"http:\/\/patrimoine-industriel-et-moulins.eu\/index.php?rest_route=\/wp\/v2\/posts\/733\/revisions\/737"}],"wp:featuredmedia":[{"embeddable":true,"href":"http:\/\/patrimoine-industriel-et-moulins.eu\/index.php?rest_route=\/wp\/v2\/media\/735"}],"wp:attachment":[{"href":"http:\/\/patrimoine-industriel-et-moulins.eu\/index.php?rest_route=%2Fwp%2Fv2%2Fmedia&parent=733"}],"wp:term":[{"taxonomy":"category","embeddable":true,"href":"http:\/\/patrimoine-industriel-et-moulins.eu\/index.php?rest_route=%2Fwp%2Fv2%2Fcategories&post=733"},{"taxonomy":"post_tag","embeddable":true,"href":"http:\/\/patrimoine-industriel-et-moulins.eu\/index.php?rest_route=%2Fwp%2Fv2%2Ftags&post=733"}],"curies":[{"name":"wp","href":"https:\/\/api.w.org\/{rel}","templated":true}]}}