{"id":128,"date":"2016-12-31T14:11:33","date_gmt":"2016-12-31T13:11:33","guid":{"rendered":"http:\/\/patrimoine-industriel-et-moulins.eu\/?p=128"},"modified":"2016-12-31T13:07:27","modified_gmt":"2016-12-31T12:07:27","slug":"des-racines-meunieres-depuis-le-xvie-siecle","status":"publish","type":"post","link":"https:\/\/patrimoine-industriel-et-moulins.eu\/?p=128","title":{"rendered":"Des racines meuni\u00e8res depuis le XVIe si\u00e8cle"},"content":{"rendered":"<div id=\"TheTexte\" class=\"Texte\">\n<p style=\"text-align: justify;\"><img loading=\"lazy\" class=\"alignleft size-full wp-image-378\" src=\"http:\/\/patrimoine-industriel-et-moulins.eu\/wp-content\/uploads\/2016\/11\/Meuniers.jpg\" alt=\"meuniers\" width=\"400\" height=\"256\" srcset=\"https:\/\/patrimoine-industriel-et-moulins.eu\/wp-content\/uploads\/2016\/11\/Meuniers.jpg 400w, https:\/\/patrimoine-industriel-et-moulins.eu\/wp-content\/uploads\/2016\/11\/Meuniers-300x192.jpg 300w\" sizes=\"(max-width: 400px) 100vw, 400px\" \/><strong>Depuis 1982, je suis engag\u00e9 dans l\u2019\u00e9tude et la valorisation du patrimoine industriel et des moulins. Depuis cette date j&rsquo;ai aussi pr\u00e9sid\u00e9 \u00e0 la restauration du moulin familial, h\u00e9rit\u00e9 d\u2019une tradition de plus de 450 ans de meunerie. Celui-ci est alors ruin\u00e9. Il fallut le reconstruire et remettre en \u00e9tat un canal d\u2019amen\u00e9e de plusieurs centaines de m\u00e8tres. Cette mission continue toujours aujourd\u2019hui.<\/strong><\/p>\n<p style=\"text-align: justify;\"><strong>Mon engagement dans les milieux professionnel et associatif, se situe \u00e0 diff\u00e9rentes \u00e9chelles\u00a0: au niveau local, d\u00e9partemental, r\u00e9gional, national et international. Cela m&rsquo;a permis d\u2019assurer une bonne ma\u00eetrise des projets d\u2019\u00e9tudes, de restauration, de valorisation \u00e9conomique et culturelle, et la gestion quotidienne de ce patrimoine. Depuis 1991, je conseille des collectivit\u00e9s et des associations dans la r\u00e9alisation de leurs projets. Ce travail s\u2019accompagne d\u2019un souci permanent d\u2019acquisition de nouvelles connaissances et comp\u00e9tences, se traduisant par une volont\u00e9 de restituer au grand public cette histoire, au moyen de conf\u00e9rences, de publication d\u2019articles et de livres de r\u00e9f\u00e9rence.<\/strong><\/p>\n<p style=\"text-align: justify;\"><strong><span style=\"color: #0000ff;\">Avertissement\u00a0!<\/span><\/strong><br \/>\n<strong> <span style=\"color: #0000ff;\">Jean-Pierre Henri AZEMA n\u2019a rien \u00e0 voir avec son homonyme et illustre devancier, Jean-Pierre AZEMA, historien fran\u00e7ais sp\u00e9cialiste de la Seconde Guerre Mondiale. Dans vos libell\u00e9s n\u2019oubliez pas\u00a0 d\u2019ajouter mon troisi\u00e8me pr\u00e9nom Henri. Merci.<\/span><\/strong><\/p>\n<\/div>\n","protected":false},"excerpt":{"rendered":"<p>Depuis 1982, je suis engag\u00e9 dans l\u2019\u00e9tude et la valorisation du patrimoine industriel et des moulins. Depuis cette date j&rsquo;ai aussi pr\u00e9sid\u00e9 \u00e0 la restauration du moulin familial, h\u00e9rit\u00e9 d\u2019une tradition de plus de 450 ans de meunerie. Celui-ci est alors ruin\u00e9. Il fallut le reconstruire et remettre en \u00e9tat un canal d\u2019amen\u00e9e de plusieurs [&hellip;]<\/p>\n","protected":false},"author":1,"featured_media":0,"comment_status":"closed","ping_status":"open","sticky":false,"template":"","format":"standard","meta":[],"categories":[1],"tags":[],"_links":{"self":[{"href":"https:\/\/patrimoine-industriel-et-moulins.eu\/index.php?rest_route=\/wp\/v2\/posts\/128"}],"collection":[{"href":"https:\/\/patrimoine-industriel-et-moulins.eu\/index.php?rest_route=\/wp\/v2\/posts"}],"about":[{"href":"https:\/\/patrimoine-industriel-et-moulins.eu\/index.php?rest_route=\/wp\/v2\/types\/post"}],"author":[{"embeddable":true,"href":"https:\/\/patrimoine-industriel-et-moulins.eu\/index.php?rest_route=\/wp\/v2\/users\/1"}],"replies":[{"embeddable":true,"href":"https:\/\/patrimoine-industriel-et-moulins.eu\/index.php?rest_route=%2Fwp%2Fv2%2Fcomments&post=128"}],"version-history":[{"count":12,"href":"https:\/\/patrimoine-industriel-et-moulins.eu\/index.php?rest_route=\/wp\/v2\/posts\/128\/revisions"}],"predecessor-version":[{"id":617,"href":"https:\/\/patrimoine-industriel-et-moulins.eu\/index.php?rest_route=\/wp\/v2\/posts\/128\/revisions\/617"}],"wp:attachment":[{"href":"https:\/\/patrimoine-industriel-et-moulins.eu\/index.php?rest_route=%2Fwp%2Fv2%2Fmedia&parent=128"}],"wp:term":[{"taxonomy":"category","embeddable":true,"href":"https:\/\/patrimoine-industriel-et-moulins.eu\/index.php?rest_route=%2Fwp%2Fv2%2Fcategories&post=128"},{"taxonomy":"post_tag","embeddable":true,"href":"https:\/\/patrimoine-industriel-et-moulins.eu\/index.php?rest_route=%2Fwp%2Fv2%2Ftags&post=128"}],"curies":[{"name":"wp","href":"https:\/\/api.w.org\/{rel}","templated":true}]}}